{"id":969,"date":"2019-07-02T11:01:51","date_gmt":"2019-07-02T14:01:51","guid":{"rendered":"http:\/\/www.discipulosemfeira.com.br\/v1\/?p=969"},"modified":"2019-11-14T01:00:06","modified_gmt":"2019-11-14T04:00:06","slug":"retiro-de-jovens-2019","status":"publish","type":"post","link":"https:\/\/www.discipulosemfeira.com.br\/v1\/?p=969","title":{"rendered":"RETIRO DE JOVENS 2019 &#8211; Inscri\u00e7\u00f5es encerradas"},"content":{"rendered":"<p><a href=\"https:\/\/www.discipulosemfeira.com.br\/v1\/wp-content\/uploads\/2019\/06\/IMG-20190612-WA0009.jpg\"><img loading=\"lazy\" decoding=\"async\" class=\"alignleft size-medium wp-image-988\" src=\"https:\/\/www.discipulosemfeira.com.br\/v1\/wp-content\/uploads\/2019\/06\/IMG-20190612-WA0009-300x225.jpg\" alt=\"\" width=\"300\" height=\"225\" srcset=\"https:\/\/www.discipulosemfeira.com.br\/v1\/wp-content\/uploads\/2019\/06\/IMG-20190612-WA0009-300x225.jpg 300w, https:\/\/www.discipulosemfeira.com.br\/v1\/wp-content\/uploads\/2019\/06\/IMG-20190612-WA0009-768x576.jpg 768w, https:\/\/www.discipulosemfeira.com.br\/v1\/wp-content\/uploads\/2019\/06\/IMG-20190612-WA0009-1024x768.jpg 1024w, https:\/\/www.discipulosemfeira.com.br\/v1\/wp-content\/uploads\/2019\/06\/IMG-20190612-WA0009.jpg 1280w\" sizes=\"(max-width: 300px) 100vw, 300px\" \/><\/a>Est\u00e1 se aproximando mais um retiro de Jovens em Feira de Santana. Estamos abrindo aqui o espa\u00e7o para as inscri\u00e7\u00f5es e demais informa\u00e7\u00f5es.<\/p>\n<hr \/>\n<h4><b>Informa\u00e7\u00f5es<\/b><\/h4>\n<p>Local: <b>Resort Club Equestre Hotel Fazenda &#8211; S\u00e3o Gon\u00e7alo dos Campos &#8211; BA;<\/b><br \/>\nData: <b>14 a 17 de novembro de 2019;<\/b><br \/>\nValor retiro: <b>R$ 200,00;<\/b><br \/>\nIdade m\u00ednima: <b>15 anos.<\/b><\/p>\n<hr \/>\n<h4><b>Inscri\u00e7\u00e3o e parcelas<\/b><\/h4>\n<p><span style=\"color: #ff0000;\"><strong>Inscri\u00e7\u00e3o encerrada.<\/strong><\/span><b><\/b><\/p>\n<div id=\"fb_share_1\" style=\"float: right; margin-left: 10px;\"><a name=\"fb_share\" type=\"box_count\" share_url=\"https:\/\/www.discipulosemfeira.com.br\/v1\/?p=969\" href=\"http:\/\/www.facebook.com\/sharer.php\">Share<\/a><\/div><div><script src=\"http:\/\/static.ak.fbcdn.net\/connect.php\/js\/FB.Share\" type=\"text\/javascript\"><\/script><\/div>","protected":false},"excerpt":{"rendered":"<p>Est\u00e1 se aproximando mais um retiro de Jovens em Feira de Santana. Estamos abrindo aqui o espa\u00e7o para as inscri\u00e7\u00f5es e demais informa\u00e7\u00f5es.<\/p><p><a class=\"more-link btn\" href=\"https:\/\/www.discipulosemfeira.com.br\/v1\/?p=969\">Continue lendo<\/a><\/p>\n","protected":false},"author":1,"featured_media":988,"comment_status":"open","ping_status":"open","sticky":false,"template":"","format":"standard","meta":{"footnotes":""},"categories":[1],"tags":[],"_links":{"self":[{"href":"https:\/\/www.discipulosemfeira.com.br\/v1\/index.php?rest_route=\/wp\/v2\/posts\/969"}],"collection":[{"href":"https:\/\/www.discipulosemfeira.com.br\/v1\/index.php?rest_route=\/wp\/v2\/posts"}],"about":[{"href":"https:\/\/www.discipulosemfeira.com.br\/v1\/index.php?rest_route=\/wp\/v2\/types\/post"}],"author":[{"embeddable":true,"href":"https:\/\/www.discipulosemfeira.com.br\/v1\/index.php?rest_route=\/wp\/v2\/users\/1"}],"replies":[{"embeddable":true,"href":"https:\/\/www.discipulosemfeira.com.br\/v1\/index.php?rest_route=%2Fwp%2Fv2%2Fcomments&post=969"}],"version-history":[{"count":29,"href":"https:\/\/www.discipulosemfeira.com.br\/v1\/index.php?rest_route=\/wp\/v2\/posts\/969\/revisions"}],"predecessor-version":[{"id":1038,"href":"https:\/\/www.discipulosemfeira.com.br\/v1\/index.php?rest_route=\/wp\/v2\/posts\/969\/revisions\/1038"}],"wp:featuredmedia":[{"embeddable":true,"href":"https:\/\/www.discipulosemfeira.com.br\/v1\/index.php?rest_route=\/wp\/v2\/media\/988"}],"wp:attachment":[{"href":"https:\/\/www.discipulosemfeira.com.br\/v1\/index.php?rest_route=%2Fwp%2Fv2%2Fmedia&parent=969"}],"wp:term":[{"taxonomy":"category","embeddable":true,"href":"https:\/\/www.discipulosemfeira.com.br\/v1\/index.php?rest_route=%2Fwp%2Fv2%2Fcategories&post=969"},{"taxonomy":"post_tag","embeddable":true,"href":"https:\/\/www.discipulosemfeira.com.br\/v1\/index.php?rest_route=%2Fwp%2Fv2%2Ftags&post=969"}],"curies":[{"name":"wp","href":"https:\/\/api.w.org\/{rel}","templated":true}]}}